{"id":2362,"date":"2018-07-16T09:40:40","date_gmt":"2018-07-16T07:40:40","guid":{"rendered":"https:\/\/www.vera-verification.eu\/?p=2362"},"modified":"2019-06-28T09:44:00","modified_gmt":"2019-06-28T07:44:00","slug":"das-vera-pruefprotokoll-guelleabdeckungen-macht-den-anfang-der-revisionsserie","status":"publish","type":"post","link":"https:\/\/www.vera-verification.eu\/de\/2018\/07\/16\/das-vera-pruefprotokoll-guelleabdeckungen-macht-den-anfang-der-revisionsserie\/","title":{"rendered":"Das VERA Pr\u00fcfprotokoll &#8220;G\u00fclleabdeckungen&#8221; macht den Anfang der Revisionsserie"},"content":{"rendered":"<p>In den letzten Jahren wurden alle VERA Pr\u00fcfprotokolle revidiert, um sie dem neuesten Stand der Technik und des Wissens anzupassen. Die neuen Dokumente wurden diskutiert und in einigen VERA Komitee Sitzung, Telefonkonferenzen und Emailaustausch mit den jeweiligen Experten \u00fcberarbeitet.<\/p>\n<p>Wir sind stolz, heute nun das erste revidierte VERA Pr\u00fcfprotokoll dieser Revisionsreihe zu ver\u00f6ffentlichen.<\/p>\n<p>Das VERA Pr\u00fcfprotokoll f\u00fcr \u201cAbdeckungen und Systeme zur Minderung von Emissionen aus Wirtschaftsd\u00fcngerlagern\u201d \u2013 Version 3:2018-07 ist nun auf unserer VERA Website verf\u00fcgbar:<\/p>\n<p><a href=\"https:\/\/www.vera-verification.eu\/app\/uploads\/sites\/9\/2019\/05\/VERA_Pruefprotokoll_Guelleabdeckungen_v3_2018.pdf\" target=\"_blank\" rel=\"noopener noreferrer\">VERA Pruefprotokoll Guelleabdeckungen<\/a><\/p>\n<p>Die neue Version 3:2018 unterscheidet sich in folgenden Punkten von der Vorg\u00e4ngerversion 2:2013:<\/p>\n<p>a. Die Reihenfolge der Abschnitt wurde zur Vereinheitlichung von allen VERA Pr\u00fcfprotokollen und in \u00dcbereinstimmung mit der Grundstruktur der VERA Pr\u00fcfberichte ge\u00e4ndert. Das grunds\u00e4tzliche Format und die Gliederung der Dokumente wurden unter Einf\u00fchrung einer neuen &#8220;<strong>High Level Structure&#8221;<\/strong> harmonisiert. Damit soll dem Benutzer das Navigieren durch die Dokumente erleichtert werden. Das Format lehnt sich enger an internationale Normen an.<\/p>\n<p>b. Die Anforderungen und Empfehlungen sind pr\u00e4ziser dargestellt, insbesondere in Bezug auf die Beschreibung der Probenahme und Pr\u00fcfung bestimmter Parameter, wie beispielsweise den Mindestabmessungen der Lager f\u00fcr fl\u00fcssige und feste Wirtschaftsd\u00fcnger, der Beschreibung bei der Verwendung dynamischer Kammern und mit entsprechenden Beispielen im Anhang.<\/p>\n<p>c. Um die M\u00f6glichkeit einer Verifizierung f\u00fcr Geruch in diesem Protokoll beizubehalten, k\u00f6nnen Messungen nach VDI 3880 durchgef\u00fchrt werden. Diese w\u00fcrden jedoch vermutlich nur von einigen deutschen Beh\u00f6rden, aber nicht in den anderen L\u00e4ndern akzeptiert werden. Sobald pr\u00e4zisere Messmethoden verf\u00fcgbar sind, sollen diese verwendet werden. Die revidierte Fassung wurde von den nominierten, internationalen Experten des \u201cInternationalen VERA Komitees\u201d (IVC) f\u00fcr Abdeckungen und Minderungssysteme f\u00fcr Wirtschaftsd\u00fcngerlager erarbeitet. An dieser Stelle herzlichen Dank an diese VERA Experten f\u00fcr ihren Einsatz und ihre ausgezeichnete Arbeit!<\/p>\n<p>Ausblick: bis Herbst soll auch eine deutsche Version des Pr\u00fcfprotokolls ver\u00f6ffentlicht werden.<\/p>\n<p>F\u00fcr D\u00e4nemark: Prof. Sven G. Sommer, Universit\u00e4t S\u00fcd-D\u00e4nemark F\u00fcr Deutschland: Dr. Barbara Amon, ATB<\/p>\n<p>F\u00fcr die Niederlande: Dr. Julio Mosquera Losada, WUR<\/p>\n<p>&nbsp;<\/p>\n","protected":false},"excerpt":{"rendered":"<p>In den letzten Jahren wurden alle VERA Pr\u00fcfprotokolle revidiert, um sie dem neuesten Stand der Technik und des Wissens anzupassen. Die neuen Dokumente wurden diskutiert und in einigen VERA Komitee Sitzung, Telefonkonferenzen und Emailaustausch mit den jeweiligen Experten \u00fcberarbeitet. Wir sind stolz, heute nun das erste revidierte VERA Pr\u00fcfprotokoll dieser Revisionsreihe zu ver\u00f6ffentlichen. Das VERA &hellip; <a href=\"https:\/\/www.vera-verification.eu\/de\/2018\/07\/16\/das-vera-pruefprotokoll-guelleabdeckungen-macht-den-anfang-der-revisionsserie\/\">Mehr<\/a><\/p>\n","protected":false},"author":69,"featured_media":0,"comment_status":"open","ping_status":"open","sticky":false,"template":"","format":"standard","meta":{"_acf_changed":false,"footnotes":""},"categories":[11],"tags":[],"class_list":["post-2362","post","type-post","status-publish","format-standard","hentry","category-unkategorisiert"],"acf":[],"yoast_head":"<!-- This site is optimized with the Yoast SEO plugin v27.4 - https:\/\/yoast.com\/product\/yoast-seo-wordpress\/ -->\n<title>Das VERA Pr\u00fcfprotokoll &quot;G\u00fclleabdeckungen&quot; macht den Anfang der Revisionsserie - Vera-verification<\/title>\n<meta name=\"robots\" content=\"index, follow, max-snippet:-1, max-image-preview:large, max-video-preview:-1\" \/>\n<link rel=\"canonical\" href=\"https:\/\/www.vera-verification.eu\/de\/2018\/07\/16\/das-vera-pruefprotokoll-guelleabdeckungen-macht-den-anfang-der-revisionsserie\/\" \/>\n<meta property=\"og:locale\" content=\"de_DE\" \/>\n<meta property=\"og:type\" content=\"article\" \/>\n<meta property=\"og:title\" content=\"Das VERA Pr\u00fcfprotokoll &quot;G\u00fclleabdeckungen&quot; macht den Anfang der Revisionsserie - Vera-verification\" \/>\n<meta property=\"og:description\" content=\"In den letzten Jahren wurden alle VERA Pr\u00fcfprotokolle revidiert, um sie dem neuesten Stand der Technik und des Wissens anzupassen. Die neuen Dokumente wurden diskutiert und in einigen VERA Komitee Sitzung, Telefonkonferenzen und Emailaustausch mit den jeweiligen Experten \u00fcberarbeitet. Wir sind stolz, heute nun das erste revidierte VERA Pr\u00fcfprotokoll dieser Revisionsreihe zu ver\u00f6ffentlichen. Das VERA &hellip; Mehr\" \/>\n<meta property=\"og:url\" content=\"https:\/\/www.vera-verification.eu\/de\/2018\/07\/16\/das-vera-pruefprotokoll-guelleabdeckungen-macht-den-anfang-der-revisionsserie\/\" \/>\n<meta property=\"og:site_name\" content=\"Vera-verification\" \/>\n<meta property=\"article:published_time\" content=\"2018-07-16T07:40:40+00:00\" \/>\n<meta property=\"article:modified_time\" content=\"2019-06-28T07:44:00+00:00\" \/>\n<meta name=\"author\" content=\"Sven Boers\" \/>\n<meta name=\"twitter:card\" content=\"summary_large_image\" \/>\n<meta name=\"twitter:label1\" content=\"Written by\" \/>\n\t<meta name=\"twitter:data1\" content=\"Sven Boers\" \/>\n\t<meta name=\"twitter:label2\" content=\"Est. reading time\" \/>\n\t<meta name=\"twitter:data2\" content=\"2 minutes\" \/>\n<script type=\"application\/ld+json\" class=\"yoast-schema-graph\">{\"@context\":\"https:\\\/\\\/schema.org\",\"@graph\":[{\"@type\":\"Article\",\"@id\":\"https:\\\/\\\/www.vera-verification.eu\\\/de\\\/2018\\\/07\\\/16\\\/das-vera-pruefprotokoll-guelleabdeckungen-macht-den-anfang-der-revisionsserie\\\/#article\",\"isPartOf\":{\"@id\":\"https:\\\/\\\/www.vera-verification.eu\\\/de\\\/2018\\\/07\\\/16\\\/das-vera-pruefprotokoll-guelleabdeckungen-macht-den-anfang-der-revisionsserie\\\/\"},\"author\":{\"name\":\"Sven Boers\",\"@id\":\"https:\\\/\\\/www.vera-verification.eu\\\/#\\\/schema\\\/person\\\/06f735bf230380581d72286452c698f4\"},\"headline\":\"Das VERA Pr\u00fcfprotokoll &#8220;G\u00fclleabdeckungen&#8221; macht den Anfang der Revisionsserie\",\"datePublished\":\"2018-07-16T07:40:40+00:00\",\"dateModified\":\"2019-06-28T07:44:00+00:00\",\"mainEntityOfPage\":{\"@id\":\"https:\\\/\\\/www.vera-verification.eu\\\/de\\\/2018\\\/07\\\/16\\\/das-vera-pruefprotokoll-guelleabdeckungen-macht-den-anfang-der-revisionsserie\\\/\"},\"wordCount\":359,\"commentCount\":0,\"articleSection\":[\"Unkategorisiert\"],\"inLanguage\":\"de-DE\",\"potentialAction\":[{\"@type\":\"CommentAction\",\"name\":\"Comment\",\"target\":[\"https:\\\/\\\/www.vera-verification.eu\\\/de\\\/2018\\\/07\\\/16\\\/das-vera-pruefprotokoll-guelleabdeckungen-macht-den-anfang-der-revisionsserie\\\/#respond\"]}]},{\"@type\":\"WebPage\",\"@id\":\"https:\\\/\\\/www.vera-verification.eu\\\/de\\\/2018\\\/07\\\/16\\\/das-vera-pruefprotokoll-guelleabdeckungen-macht-den-anfang-der-revisionsserie\\\/\",\"url\":\"https:\\\/\\\/www.vera-verification.eu\\\/de\\\/2018\\\/07\\\/16\\\/das-vera-pruefprotokoll-guelleabdeckungen-macht-den-anfang-der-revisionsserie\\\/\",\"name\":\"Das VERA Pr\u00fcfprotokoll \\\"G\u00fclleabdeckungen\\\" macht den Anfang der Revisionsserie - Vera-verification\",\"isPartOf\":{\"@id\":\"https:\\\/\\\/www.vera-verification.eu\\\/#website\"},\"datePublished\":\"2018-07-16T07:40:40+00:00\",\"dateModified\":\"2019-06-28T07:44:00+00:00\",\"author\":{\"@id\":\"https:\\\/\\\/www.vera-verification.eu\\\/#\\\/schema\\\/person\\\/06f735bf230380581d72286452c698f4\"},\"breadcrumb\":{\"@id\":\"https:\\\/\\\/www.vera-verification.eu\\\/de\\\/2018\\\/07\\\/16\\\/das-vera-pruefprotokoll-guelleabdeckungen-macht-den-anfang-der-revisionsserie\\\/#breadcrumb\"},\"inLanguage\":\"de-DE\",\"potentialAction\":[{\"@type\":\"ReadAction\",\"target\":[\"https:\\\/\\\/www.vera-verification.eu\\\/de\\\/2018\\\/07\\\/16\\\/das-vera-pruefprotokoll-guelleabdeckungen-macht-den-anfang-der-revisionsserie\\\/\"]}]},{\"@type\":\"BreadcrumbList\",\"@id\":\"https:\\\/\\\/www.vera-verification.eu\\\/de\\\/2018\\\/07\\\/16\\\/das-vera-pruefprotokoll-guelleabdeckungen-macht-den-anfang-der-revisionsserie\\\/#breadcrumb\",\"itemListElement\":[{\"@type\":\"ListItem\",\"position\":1,\"name\":\"Home\",\"item\":\"https:\\\/\\\/www.vera-verification.eu\\\/de\\\/\"},{\"@type\":\"ListItem\",\"position\":2,\"name\":\"Das VERA Pr\u00fcfprotokoll &#8220;G\u00fclleabdeckungen&#8221; macht den Anfang der Revisionsserie\"}]},{\"@type\":\"WebSite\",\"@id\":\"https:\\\/\\\/www.vera-verification.eu\\\/#website\",\"url\":\"https:\\\/\\\/www.vera-verification.eu\\\/\",\"name\":\"Vera-verification\",\"description\":\"Verification of Environmental Technologies for Agricultural Production\",\"potentialAction\":[{\"@type\":\"SearchAction\",\"target\":{\"@type\":\"EntryPoint\",\"urlTemplate\":\"https:\\\/\\\/www.vera-verification.eu\\\/?s={search_term_string}\"},\"query-input\":{\"@type\":\"PropertyValueSpecification\",\"valueRequired\":true,\"valueName\":\"search_term_string\"}}],\"inLanguage\":\"de-DE\"},{\"@type\":\"Person\",\"@id\":\"https:\\\/\\\/www.vera-verification.eu\\\/#\\\/schema\\\/person\\\/06f735bf230380581d72286452c698f4\",\"name\":\"Sven Boers\",\"image\":{\"@type\":\"ImageObject\",\"inLanguage\":\"de-DE\",\"@id\":\"https:\\\/\\\/secure.gravatar.com\\\/avatar\\\/b7b522046b348736a5f8e03ad671043d295e51fd713e8718262481a8bc4465f2?s=96&d=mm&r=g\",\"url\":\"https:\\\/\\\/secure.gravatar.com\\\/avatar\\\/b7b522046b348736a5f8e03ad671043d295e51fd713e8718262481a8bc4465f2?s=96&d=mm&r=g\",\"contentUrl\":\"https:\\\/\\\/secure.gravatar.com\\\/avatar\\\/b7b522046b348736a5f8e03ad671043d295e51fd713e8718262481a8bc4465f2?s=96&d=mm&r=g\",\"caption\":\"Sven Boers\"},\"url\":\"https:\\\/\\\/www.vera-verification.eu\\\/de\\\/author\\\/sven-boers\\\/\"}]}<\/script>\n<!-- \/ Yoast SEO plugin. -->","yoast_head_json":{"title":"Das VERA Pr\u00fcfprotokoll \"G\u00fclleabdeckungen\" macht den Anfang der Revisionsserie - Vera-verification","robots":{"index":"index","follow":"follow","max-snippet":"max-snippet:-1","max-image-preview":"max-image-preview:large","max-video-preview":"max-video-preview:-1"},"canonical":"https:\/\/www.vera-verification.eu\/de\/2018\/07\/16\/das-vera-pruefprotokoll-guelleabdeckungen-macht-den-anfang-der-revisionsserie\/","og_locale":"de_DE","og_type":"article","og_title":"Das VERA Pr\u00fcfprotokoll \"G\u00fclleabdeckungen\" macht den Anfang der Revisionsserie - Vera-verification","og_description":"In den letzten Jahren wurden alle VERA Pr\u00fcfprotokolle revidiert, um sie dem neuesten Stand der Technik und des Wissens anzupassen. Die neuen Dokumente wurden diskutiert und in einigen VERA Komitee Sitzung, Telefonkonferenzen und Emailaustausch mit den jeweiligen Experten \u00fcberarbeitet. Wir sind stolz, heute nun das erste revidierte VERA Pr\u00fcfprotokoll dieser Revisionsreihe zu ver\u00f6ffentlichen. Das VERA &hellip; Mehr","og_url":"https:\/\/www.vera-verification.eu\/de\/2018\/07\/16\/das-vera-pruefprotokoll-guelleabdeckungen-macht-den-anfang-der-revisionsserie\/","og_site_name":"Vera-verification","article_published_time":"2018-07-16T07:40:40+00:00","article_modified_time":"2019-06-28T07:44:00+00:00","author":"Sven Boers","twitter_card":"summary_large_image","twitter_misc":{"Written by":"Sven Boers","Est. reading time":"2 minutes"},"schema":{"@context":"https:\/\/schema.org","@graph":[{"@type":"Article","@id":"https:\/\/www.vera-verification.eu\/de\/2018\/07\/16\/das-vera-pruefprotokoll-guelleabdeckungen-macht-den-anfang-der-revisionsserie\/#article","isPartOf":{"@id":"https:\/\/www.vera-verification.eu\/de\/2018\/07\/16\/das-vera-pruefprotokoll-guelleabdeckungen-macht-den-anfang-der-revisionsserie\/"},"author":{"name":"Sven Boers","@id":"https:\/\/www.vera-verification.eu\/#\/schema\/person\/06f735bf230380581d72286452c698f4"},"headline":"Das VERA Pr\u00fcfprotokoll &#8220;G\u00fclleabdeckungen&#8221; macht den Anfang der Revisionsserie","datePublished":"2018-07-16T07:40:40+00:00","dateModified":"2019-06-28T07:44:00+00:00","mainEntityOfPage":{"@id":"https:\/\/www.vera-verification.eu\/de\/2018\/07\/16\/das-vera-pruefprotokoll-guelleabdeckungen-macht-den-anfang-der-revisionsserie\/"},"wordCount":359,"commentCount":0,"articleSection":["Unkategorisiert"],"inLanguage":"de-DE","potentialAction":[{"@type":"CommentAction","name":"Comment","target":["https:\/\/www.vera-verification.eu\/de\/2018\/07\/16\/das-vera-pruefprotokoll-guelleabdeckungen-macht-den-anfang-der-revisionsserie\/#respond"]}]},{"@type":"WebPage","@id":"https:\/\/www.vera-verification.eu\/de\/2018\/07\/16\/das-vera-pruefprotokoll-guelleabdeckungen-macht-den-anfang-der-revisionsserie\/","url":"https:\/\/www.vera-verification.eu\/de\/2018\/07\/16\/das-vera-pruefprotokoll-guelleabdeckungen-macht-den-anfang-der-revisionsserie\/","name":"Das VERA Pr\u00fcfprotokoll \"G\u00fclleabdeckungen\" macht den Anfang der Revisionsserie - Vera-verification","isPartOf":{"@id":"https:\/\/www.vera-verification.eu\/#website"},"datePublished":"2018-07-16T07:40:40+00:00","dateModified":"2019-06-28T07:44:00+00:00","author":{"@id":"https:\/\/www.vera-verification.eu\/#\/schema\/person\/06f735bf230380581d72286452c698f4"},"breadcrumb":{"@id":"https:\/\/www.vera-verification.eu\/de\/2018\/07\/16\/das-vera-pruefprotokoll-guelleabdeckungen-macht-den-anfang-der-revisionsserie\/#breadcrumb"},"inLanguage":"de-DE","potentialAction":[{"@type":"ReadAction","target":["https:\/\/www.vera-verification.eu\/de\/2018\/07\/16\/das-vera-pruefprotokoll-guelleabdeckungen-macht-den-anfang-der-revisionsserie\/"]}]},{"@type":"BreadcrumbList","@id":"https:\/\/www.vera-verification.eu\/de\/2018\/07\/16\/das-vera-pruefprotokoll-guelleabdeckungen-macht-den-anfang-der-revisionsserie\/#breadcrumb","itemListElement":[{"@type":"ListItem","position":1,"name":"Home","item":"https:\/\/www.vera-verification.eu\/de\/"},{"@type":"ListItem","position":2,"name":"Das VERA Pr\u00fcfprotokoll &#8220;G\u00fclleabdeckungen&#8221; macht den Anfang der Revisionsserie"}]},{"@type":"WebSite","@id":"https:\/\/www.vera-verification.eu\/#website","url":"https:\/\/www.vera-verification.eu\/","name":"Vera-verification","description":"Verification of Environmental Technologies for Agricultural Production","potentialAction":[{"@type":"SearchAction","target":{"@type":"EntryPoint","urlTemplate":"https:\/\/www.vera-verification.eu\/?s={search_term_string}"},"query-input":{"@type":"PropertyValueSpecification","valueRequired":true,"valueName":"search_term_string"}}],"inLanguage":"de-DE"},{"@type":"Person","@id":"https:\/\/www.vera-verification.eu\/#\/schema\/person\/06f735bf230380581d72286452c698f4","name":"Sven Boers","image":{"@type":"ImageObject","inLanguage":"de-DE","@id":"https:\/\/secure.gravatar.com\/avatar\/b7b522046b348736a5f8e03ad671043d295e51fd713e8718262481a8bc4465f2?s=96&d=mm&r=g","url":"https:\/\/secure.gravatar.com\/avatar\/b7b522046b348736a5f8e03ad671043d295e51fd713e8718262481a8bc4465f2?s=96&d=mm&r=g","contentUrl":"https:\/\/secure.gravatar.com\/avatar\/b7b522046b348736a5f8e03ad671043d295e51fd713e8718262481a8bc4465f2?s=96&d=mm&r=g","caption":"Sven Boers"},"url":"https:\/\/www.vera-verification.eu\/de\/author\/sven-boers\/"}]}},"_links":{"self":[{"href":"https:\/\/www.vera-verification.eu\/de\/wp-json\/wp\/v2\/posts\/2362","targetHints":{"allow":["GET"]}}],"collection":[{"href":"https:\/\/www.vera-verification.eu\/de\/wp-json\/wp\/v2\/posts"}],"about":[{"href":"https:\/\/www.vera-verification.eu\/de\/wp-json\/wp\/v2\/types\/post"}],"author":[{"embeddable":true,"href":"https:\/\/www.vera-verification.eu\/de\/wp-json\/wp\/v2\/users\/69"}],"replies":[{"embeddable":true,"href":"https:\/\/www.vera-verification.eu\/de\/wp-json\/wp\/v2\/comments?post=2362"}],"version-history":[{"count":1,"href":"https:\/\/www.vera-verification.eu\/de\/wp-json\/wp\/v2\/posts\/2362\/revisions"}],"predecessor-version":[{"id":2363,"href":"https:\/\/www.vera-verification.eu\/de\/wp-json\/wp\/v2\/posts\/2362\/revisions\/2363"}],"wp:attachment":[{"href":"https:\/\/www.vera-verification.eu\/de\/wp-json\/wp\/v2\/media?parent=2362"}],"wp:term":[{"taxonomy":"category","embeddable":true,"href":"https:\/\/www.vera-verification.eu\/de\/wp-json\/wp\/v2\/categories?post=2362"},{"taxonomy":"post_tag","embeddable":true,"href":"https:\/\/www.vera-verification.eu\/de\/wp-json\/wp\/v2\/tags?post=2362"}],"curies":[{"name":"wp","href":"https:\/\/api.w.org\/{rel}","templated":true}]}}